{"id":34813,"date":"2022-07-06T10:03:52","date_gmt":"2022-07-06T08:03:52","guid":{"rendered":"https:\/\/filharmonia.digital\/07-07-22-vivaldi-four-seasons-live-streaming-from-palau-de-la-musica-catalana\/"},"modified":"2022-07-06T10:08:21","modified_gmt":"2022-07-06T08:08:21","slug":"07-07-22-vivaldi-four-seasons-live-streaming-from-palau-de-la-musica-catalana","status":"publish","type":"post","link":"https:\/\/filharmonia.digital\/ca\/07-07-22-vivaldi-four-seasons-live-streaming-from-palau-de-la-musica-catalana\/","title":{"rendered":"07\/07\/22 &#8211; Les Quatre estacions de Vivaldi en streaming des del Palau de la M\u00fasica Catalana"},"content":{"rendered":"<p>Aquest dijous 7 de juliol a les 20h, gaudirem en streaming de les Quatre estacions de Vivaldi, amb la violinista Liza Ferschtman, una de les violinistes m\u00e9s especials del moment i que ens alegra presentar per primer cop al nostre p\u00fablic. A la segona part, interpretarem la Simfonia n\u00fam. 2 de Schubert, possiblement la m\u00e9s alegre del compositor alemany, d\u2019aires italianitzants i que en mans de Tom\u00e0s Grau lluir\u00e0 amb tots els seus colors.<\/p>\n<p><a href=\"https:\/\/filharmonia.digital\/ca\/concert\/vivaldi-four-seasons\/\">VEURE STREAMING<\/a><\/p>\n<p><img loading=\"lazy\" decoding=\"async\" class=\"alignnone size-full wp-image-34815\" src=\"https:\/\/filharmonia.digital\/wp-content\/uploads\/2022\/07\/00-FILHDH-XARXES-TEMP2122-1024x512-STREAMING8-CAT.jpg\" alt=\"\" width=\"2133\" height=\"1067\" srcset=\"https:\/\/filharmonia.digital\/wp-content\/uploads\/2022\/07\/00-FILHDH-XARXES-TEMP2122-1024x512-STREAMING8-CAT.jpg 2133w, https:\/\/filharmonia.digital\/wp-content\/uploads\/2022\/07\/00-FILHDH-XARXES-TEMP2122-1024x512-STREAMING8-CAT-300x150.jpg 300w, https:\/\/filharmonia.digital\/wp-content\/uploads\/2022\/07\/00-FILHDH-XARXES-TEMP2122-1024x512-STREAMING8-CAT-1024x512.jpg 1024w, https:\/\/filharmonia.digital\/wp-content\/uploads\/2022\/07\/00-FILHDH-XARXES-TEMP2122-1024x512-STREAMING8-CAT-768x384.jpg 768w, https:\/\/filharmonia.digital\/wp-content\/uploads\/2022\/07\/00-FILHDH-XARXES-TEMP2122-1024x512-STREAMING8-CAT-1536x768.jpg 1536w, https:\/\/filharmonia.digital\/wp-content\/uploads\/2022\/07\/00-FILHDH-XARXES-TEMP2122-1024x512-STREAMING8-CAT-2048x1024.jpg 2048w, https:\/\/filharmonia.digital\/wp-content\/uploads\/2022\/07\/00-FILHDH-XARXES-TEMP2122-1024x512-STREAMING8-CAT-600x300.jpg 600w\" sizes=\"(max-width: 2133px) 100vw, 2133px\" \/><\/p>\n<div class=\"embed-container\"><iframe loading=\"lazy\" title=\"Vivaldi: Four Seasons &quot;The Summer&quot; \u00b7 Liza Ferschtman \u00b7 Franz Schubert Filharmonia\" width=\"500\" height=\"281\" src=\"https:\/\/www.youtube.com\/embed\/wINh8GioxB8?feature=oembed\" frameborder=\"0\" allow=\"accelerometer; autoplay; clipboard-write; encrypted-media; gyroscope; picture-in-picture; web-share\" referrerpolicy=\"strict-origin-when-cross-origin\" allowfullscreen><\/iframe><\/div>\n","protected":false},"excerpt":{"rendered":"<p>Aquest dijous 7 de juliol a les 20h, gaudirem en streaming de les Quatre estacions de Vivaldi, amb la violinista Liza Ferschtman, una de les violinistes m\u00e9s especials del moment i que ens alegra presentar per primer cop al nostre p\u00fablic. A la segona part, interpretarem la Simfonia n\u00fam. 2 de Schubert, possiblement la m\u00e9s [&hellip;]<\/p>\n","protected":false},"author":6,"featured_media":0,"comment_status":"closed","ping_status":"closed","sticky":false,"template":"","format":"standard","meta":{"_acf_changed":false,"inline_featured_image":false,"footnotes":""},"categories":[24],"tags":[],"class_list":["post-34813","post","type-post","status-publish","format-standard","hentry","category-sense-categoria"],"acf":[],"yoast_head":"<!-- This site is optimized with the Yoast SEO plugin v25.6 - https:\/\/yoast.com\/wordpress\/plugins\/seo\/ -->\n<title>07\/07\/22 - Les Quatre estacions de Vivaldi en streaming des del Palau de la M\u00fasica Catalana - Filharmonia Digital Hall<\/title>\n<meta name=\"robots\" content=\"noindex, follow\" \/>\n<meta property=\"og:locale\" content=\"ca_ES\" \/>\n<meta property=\"og:type\" content=\"article\" \/>\n<meta property=\"og:title\" content=\"07\/07\/22 - Les Quatre estacions de Vivaldi en streaming des del Palau de la M\u00fasica Catalana - Filharmonia Digital Hall\" \/>\n<meta property=\"og:description\" content=\"Aquest dijous 7 de juliol a les 20h, gaudirem en streaming de les Quatre estacions de Vivaldi, amb la violinista Liza Ferschtman, una de les violinistes m\u00e9s especials del moment i que ens alegra presentar per primer cop al nostre p\u00fablic. A la segona part, interpretarem la Simfonia n\u00fam. 2 de Schubert, possiblement la m\u00e9s [&hellip;]\" \/>\n<meta property=\"og:url\" content=\"https:\/\/filharmonia.digital\/ca\/07-07-22-vivaldi-four-seasons-live-streaming-from-palau-de-la-musica-catalana\/\" \/>\n<meta property=\"og:site_name\" content=\"Filharmonia Digital Hall\" \/>\n<meta property=\"article:publisher\" content=\"https:\/\/www.facebook.com\/fschubertfilh\/\" \/>\n<meta property=\"article:published_time\" content=\"2022-07-06T08:03:52+00:00\" \/>\n<meta property=\"article:modified_time\" content=\"2022-07-06T08:08:21+00:00\" \/>\n<meta property=\"og:image\" content=\"https:\/\/filharmonia.digital\/wp-content\/uploads\/2022\/07\/00-FILHDH-XARXES-TEMP2122-1024x512-STREAMING8-CAT.jpg\" \/>\n<meta name=\"author\" content=\"Guillem Mora\" \/>\n<meta name=\"twitter:card\" content=\"summary_large_image\" \/>\n<meta name=\"twitter:creator\" content=\"@fschubertfilh\" \/>\n<meta name=\"twitter:site\" content=\"@fschubertfilh\" \/>\n<meta name=\"twitter:label1\" content=\"Written by\" \/>\n\t<meta name=\"twitter:data1\" content=\"Guillem Mora\" \/>\n<script type=\"application\/ld+json\" class=\"yoast-schema-graph\">{\"@context\":\"https:\/\/schema.org\",\"@graph\":[{\"@type\":\"NewsArticle\",\"@id\":\"https:\/\/filharmonia.digital\/ca\/07-07-22-vivaldi-four-seasons-live-streaming-from-palau-de-la-musica-catalana\/#article\",\"isPartOf\":{\"@id\":\"https:\/\/filharmonia.digital\/ca\/07-07-22-vivaldi-four-seasons-live-streaming-from-palau-de-la-musica-catalana\/\"},\"author\":{\"name\":\"Guillem Mora\",\"@id\":\"https:\/\/filharmonia.digital\/ca\/#\/schema\/person\/d07d22f162cd2c94bca6e75aeb29f3ec\"},\"headline\":\"07\/07\/22 &#8211; Les Quatre estacions de Vivaldi en streaming des del Palau de la M\u00fasica Catalana\",\"datePublished\":\"2022-07-06T08:03:52+00:00\",\"dateModified\":\"2022-07-06T08:08:21+00:00\",\"mainEntityOfPage\":{\"@id\":\"https:\/\/filharmonia.digital\/ca\/07-07-22-vivaldi-four-seasons-live-streaming-from-palau-de-la-musica-catalana\/\"},\"wordCount\":101,\"publisher\":{\"@id\":\"https:\/\/filharmonia.digital\/ca\/#organization\"},\"image\":{\"@id\":\"https:\/\/filharmonia.digital\/ca\/07-07-22-vivaldi-four-seasons-live-streaming-from-palau-de-la-musica-catalana\/#primaryimage\"},\"thumbnailUrl\":\"https:\/\/filharmonia.digital\/wp-content\/uploads\/2022\/07\/00-FILHDH-XARXES-TEMP2122-1024x512-STREAMING8-CAT.jpg\",\"articleSection\":[\"Sense categoria\"],\"inLanguage\":\"ca\"},{\"@type\":\"WebPage\",\"@id\":\"https:\/\/filharmonia.digital\/ca\/07-07-22-vivaldi-four-seasons-live-streaming-from-palau-de-la-musica-catalana\/\",\"url\":\"https:\/\/filharmonia.digital\/ca\/07-07-22-vivaldi-four-seasons-live-streaming-from-palau-de-la-musica-catalana\/\",\"name\":\"07\/07\/22 - Les Quatre estacions de Vivaldi en streaming des del Palau de la M\u00fasica Catalana - Filharmonia Digital Hall\",\"isPartOf\":{\"@id\":\"https:\/\/filharmonia.digital\/ca\/#website\"},\"primaryImageOfPage\":{\"@id\":\"https:\/\/filharmonia.digital\/ca\/07-07-22-vivaldi-four-seasons-live-streaming-from-palau-de-la-musica-catalana\/#primaryimage\"},\"image\":{\"@id\":\"https:\/\/filharmonia.digital\/ca\/07-07-22-vivaldi-four-seasons-live-streaming-from-palau-de-la-musica-catalana\/#primaryimage\"},\"thumbnailUrl\":\"https:\/\/filharmonia.digital\/wp-content\/uploads\/2022\/07\/00-FILHDH-XARXES-TEMP2122-1024x512-STREAMING8-CAT.jpg\",\"datePublished\":\"2022-07-06T08:03:52+00:00\",\"dateModified\":\"2022-07-06T08:08:21+00:00\",\"breadcrumb\":{\"@id\":\"https:\/\/filharmonia.digital\/ca\/07-07-22-vivaldi-four-seasons-live-streaming-from-palau-de-la-musica-catalana\/#breadcrumb\"},\"inLanguage\":\"ca\",\"potentialAction\":[{\"@type\":\"ReadAction\",\"target\":[\"https:\/\/filharmonia.digital\/ca\/07-07-22-vivaldi-four-seasons-live-streaming-from-palau-de-la-musica-catalana\/\"]}]},{\"@type\":\"ImageObject\",\"inLanguage\":\"ca\",\"@id\":\"https:\/\/filharmonia.digital\/ca\/07-07-22-vivaldi-four-seasons-live-streaming-from-palau-de-la-musica-catalana\/#primaryimage\",\"url\":\"https:\/\/filharmonia.digital\/wp-content\/uploads\/2022\/07\/00-FILHDH-XARXES-TEMP2122-1024x512-STREAMING8-CAT.jpg\",\"contentUrl\":\"https:\/\/filharmonia.digital\/wp-content\/uploads\/2022\/07\/00-FILHDH-XARXES-TEMP2122-1024x512-STREAMING8-CAT.jpg\"},{\"@type\":\"BreadcrumbList\",\"@id\":\"https:\/\/filharmonia.digital\/ca\/07-07-22-vivaldi-four-seasons-live-streaming-from-palau-de-la-musica-catalana\/#breadcrumb\",\"itemListElement\":[{\"@type\":\"ListItem\",\"position\":1,\"name\":\"Home\",\"item\":\"https:\/\/filharmonia.digital\/ca\/\"},{\"@type\":\"ListItem\",\"position\":2,\"name\":\"07\/07\/22 &#8211; Les Quatre estacions de Vivaldi en streaming des del Palau de la M\u00fasica Catalana\"}]},{\"@type\":\"WebSite\",\"@id\":\"https:\/\/filharmonia.digital\/ca\/#website\",\"url\":\"https:\/\/filharmonia.digital\/ca\/\",\"name\":\"Filharmonia Digital Hall\",\"description\":\"\",\"publisher\":{\"@id\":\"https:\/\/filharmonia.digital\/ca\/#organization\"},\"potentialAction\":[{\"@type\":\"SearchAction\",\"target\":{\"@type\":\"EntryPoint\",\"urlTemplate\":\"https:\/\/filharmonia.digital\/ca\/?s={search_term_string}\"},\"query-input\":{\"@type\":\"PropertyValueSpecification\",\"valueRequired\":true,\"valueName\":\"search_term_string\"}}],\"inLanguage\":\"ca\"},{\"@type\":\"Organization\",\"@id\":\"https:\/\/filharmonia.digital\/ca\/#organization\",\"name\":\"Filharmonia\/dh\",\"url\":\"https:\/\/filharmonia.digital\/ca\/\",\"logo\":{\"@type\":\"ImageObject\",\"inLanguage\":\"ca\",\"@id\":\"https:\/\/filharmonia.digital\/ca\/#\/schema\/logo\/image\/\",\"url\":\"https:\/\/filharmonia.digital\/wp-content\/uploads\/2021\/09\/filharmonia-logo_desktop.svg\",\"contentUrl\":\"https:\/\/filharmonia.digital\/wp-content\/uploads\/2021\/09\/filharmonia-logo_desktop.svg\",\"width\":100,\"height\":100,\"caption\":\"Filharmonia\/dh\"},\"image\":{\"@id\":\"https:\/\/filharmonia.digital\/ca\/#\/schema\/logo\/image\/\"},\"sameAs\":[\"https:\/\/www.facebook.com\/fschubertfilh\/\",\"https:\/\/x.com\/fschubertfilh\",\"https:\/\/www.instagram.com\/fschubertfilh\/\",\"https:\/\/www.linkedin.com\/company\/42889654\",\"https:\/\/www.youtube.com\/orquestraOCM\"]},{\"@type\":\"Person\",\"@id\":\"https:\/\/filharmonia.digital\/ca\/#\/schema\/person\/d07d22f162cd2c94bca6e75aeb29f3ec\",\"name\":\"Guillem Mora\"}]}<\/script>\n<!-- \/ Yoast SEO plugin. -->","yoast_head_json":{"title":"07\/07\/22 - Les Quatre estacions de Vivaldi en streaming des del Palau de la M\u00fasica Catalana - Filharmonia Digital Hall","robots":{"index":"noindex","follow":"follow"},"og_locale":"ca_ES","og_type":"article","og_title":"07\/07\/22 - Les Quatre estacions de Vivaldi en streaming des del Palau de la M\u00fasica Catalana - Filharmonia Digital Hall","og_description":"Aquest dijous 7 de juliol a les 20h, gaudirem en streaming de les Quatre estacions de Vivaldi, amb la violinista Liza Ferschtman, una de les violinistes m\u00e9s especials del moment i que ens alegra presentar per primer cop al nostre p\u00fablic. A la segona part, interpretarem la Simfonia n\u00fam. 2 de Schubert, possiblement la m\u00e9s [&hellip;]","og_url":"https:\/\/filharmonia.digital\/ca\/07-07-22-vivaldi-four-seasons-live-streaming-from-palau-de-la-musica-catalana\/","og_site_name":"Filharmonia Digital Hall","article_publisher":"https:\/\/www.facebook.com\/fschubertfilh\/","article_published_time":"2022-07-06T08:03:52+00:00","article_modified_time":"2022-07-06T08:08:21+00:00","og_image":[{"url":"https:\/\/filharmonia.digital\/wp-content\/uploads\/2022\/07\/00-FILHDH-XARXES-TEMP2122-1024x512-STREAMING8-CAT.jpg","type":"","width":"","height":""}],"author":"Guillem Mora","twitter_card":"summary_large_image","twitter_creator":"@fschubertfilh","twitter_site":"@fschubertfilh","twitter_misc":{"Written by":"Guillem Mora"},"schema":{"@context":"https:\/\/schema.org","@graph":[{"@type":"NewsArticle","@id":"https:\/\/filharmonia.digital\/ca\/07-07-22-vivaldi-four-seasons-live-streaming-from-palau-de-la-musica-catalana\/#article","isPartOf":{"@id":"https:\/\/filharmonia.digital\/ca\/07-07-22-vivaldi-four-seasons-live-streaming-from-palau-de-la-musica-catalana\/"},"author":{"name":"Guillem Mora","@id":"https:\/\/filharmonia.digital\/ca\/#\/schema\/person\/d07d22f162cd2c94bca6e75aeb29f3ec"},"headline":"07\/07\/22 &#8211; Les Quatre estacions de Vivaldi en streaming des del Palau de la M\u00fasica Catalana","datePublished":"2022-07-06T08:03:52+00:00","dateModified":"2022-07-06T08:08:21+00:00","mainEntityOfPage":{"@id":"https:\/\/filharmonia.digital\/ca\/07-07-22-vivaldi-four-seasons-live-streaming-from-palau-de-la-musica-catalana\/"},"wordCount":101,"publisher":{"@id":"https:\/\/filharmonia.digital\/ca\/#organization"},"image":{"@id":"https:\/\/filharmonia.digital\/ca\/07-07-22-vivaldi-four-seasons-live-streaming-from-palau-de-la-musica-catalana\/#primaryimage"},"thumbnailUrl":"https:\/\/filharmonia.digital\/wp-content\/uploads\/2022\/07\/00-FILHDH-XARXES-TEMP2122-1024x512-STREAMING8-CAT.jpg","articleSection":["Sense categoria"],"inLanguage":"ca"},{"@type":"WebPage","@id":"https:\/\/filharmonia.digital\/ca\/07-07-22-vivaldi-four-seasons-live-streaming-from-palau-de-la-musica-catalana\/","url":"https:\/\/filharmonia.digital\/ca\/07-07-22-vivaldi-four-seasons-live-streaming-from-palau-de-la-musica-catalana\/","name":"07\/07\/22 - Les Quatre estacions de Vivaldi en streaming des del Palau de la M\u00fasica Catalana - Filharmonia Digital Hall","isPartOf":{"@id":"https:\/\/filharmonia.digital\/ca\/#website"},"primaryImageOfPage":{"@id":"https:\/\/filharmonia.digital\/ca\/07-07-22-vivaldi-four-seasons-live-streaming-from-palau-de-la-musica-catalana\/#primaryimage"},"image":{"@id":"https:\/\/filharmonia.digital\/ca\/07-07-22-vivaldi-four-seasons-live-streaming-from-palau-de-la-musica-catalana\/#primaryimage"},"thumbnailUrl":"https:\/\/filharmonia.digital\/wp-content\/uploads\/2022\/07\/00-FILHDH-XARXES-TEMP2122-1024x512-STREAMING8-CAT.jpg","datePublished":"2022-07-06T08:03:52+00:00","dateModified":"2022-07-06T08:08:21+00:00","breadcrumb":{"@id":"https:\/\/filharmonia.digital\/ca\/07-07-22-vivaldi-four-seasons-live-streaming-from-palau-de-la-musica-catalana\/#breadcrumb"},"inLanguage":"ca","potentialAction":[{"@type":"ReadAction","target":["https:\/\/filharmonia.digital\/ca\/07-07-22-vivaldi-four-seasons-live-streaming-from-palau-de-la-musica-catalana\/"]}]},{"@type":"ImageObject","inLanguage":"ca","@id":"https:\/\/filharmonia.digital\/ca\/07-07-22-vivaldi-four-seasons-live-streaming-from-palau-de-la-musica-catalana\/#primaryimage","url":"https:\/\/filharmonia.digital\/wp-content\/uploads\/2022\/07\/00-FILHDH-XARXES-TEMP2122-1024x512-STREAMING8-CAT.jpg","contentUrl":"https:\/\/filharmonia.digital\/wp-content\/uploads\/2022\/07\/00-FILHDH-XARXES-TEMP2122-1024x512-STREAMING8-CAT.jpg"},{"@type":"BreadcrumbList","@id":"https:\/\/filharmonia.digital\/ca\/07-07-22-vivaldi-four-seasons-live-streaming-from-palau-de-la-musica-catalana\/#breadcrumb","itemListElement":[{"@type":"ListItem","position":1,"name":"Home","item":"https:\/\/filharmonia.digital\/ca\/"},{"@type":"ListItem","position":2,"name":"07\/07\/22 &#8211; Les Quatre estacions de Vivaldi en streaming des del Palau de la M\u00fasica Catalana"}]},{"@type":"WebSite","@id":"https:\/\/filharmonia.digital\/ca\/#website","url":"https:\/\/filharmonia.digital\/ca\/","name":"Filharmonia Digital Hall","description":"","publisher":{"@id":"https:\/\/filharmonia.digital\/ca\/#organization"},"potentialAction":[{"@type":"SearchAction","target":{"@type":"EntryPoint","urlTemplate":"https:\/\/filharmonia.digital\/ca\/?s={search_term_string}"},"query-input":{"@type":"PropertyValueSpecification","valueRequired":true,"valueName":"search_term_string"}}],"inLanguage":"ca"},{"@type":"Organization","@id":"https:\/\/filharmonia.digital\/ca\/#organization","name":"Filharmonia\/dh","url":"https:\/\/filharmonia.digital\/ca\/","logo":{"@type":"ImageObject","inLanguage":"ca","@id":"https:\/\/filharmonia.digital\/ca\/#\/schema\/logo\/image\/","url":"https:\/\/filharmonia.digital\/wp-content\/uploads\/2021\/09\/filharmonia-logo_desktop.svg","contentUrl":"https:\/\/filharmonia.digital\/wp-content\/uploads\/2021\/09\/filharmonia-logo_desktop.svg","width":100,"height":100,"caption":"Filharmonia\/dh"},"image":{"@id":"https:\/\/filharmonia.digital\/ca\/#\/schema\/logo\/image\/"},"sameAs":["https:\/\/www.facebook.com\/fschubertfilh\/","https:\/\/x.com\/fschubertfilh","https:\/\/www.instagram.com\/fschubertfilh\/","https:\/\/www.linkedin.com\/company\/42889654","https:\/\/www.youtube.com\/orquestraOCM"]},{"@type":"Person","@id":"https:\/\/filharmonia.digital\/ca\/#\/schema\/person\/d07d22f162cd2c94bca6e75aeb29f3ec","name":"Guillem Mora"}]}},"_links":{"self":[{"href":"https:\/\/filharmonia.digital\/ca\/wp-json\/wp\/v2\/posts\/34813"}],"collection":[{"href":"https:\/\/filharmonia.digital\/ca\/wp-json\/wp\/v2\/posts"}],"about":[{"href":"https:\/\/filharmonia.digital\/ca\/wp-json\/wp\/v2\/types\/post"}],"author":[{"embeddable":true,"href":"https:\/\/filharmonia.digital\/ca\/wp-json\/wp\/v2\/users\/6"}],"replies":[{"embeddable":true,"href":"https:\/\/filharmonia.digital\/ca\/wp-json\/wp\/v2\/comments?post=34813"}],"version-history":[{"count":0,"href":"https:\/\/filharmonia.digital\/ca\/wp-json\/wp\/v2\/posts\/34813\/revisions"}],"wp:attachment":[{"href":"https:\/\/filharmonia.digital\/ca\/wp-json\/wp\/v2\/media?parent=34813"}],"wp:term":[{"taxonomy":"category","embeddable":true,"href":"https:\/\/filharmonia.digital\/ca\/wp-json\/wp\/v2\/categories?post=34813"},{"taxonomy":"post_tag","embeddable":true,"href":"https:\/\/filharmonia.digital\/ca\/wp-json\/wp\/v2\/tags?post=34813"}],"curies":[{"name":"wp","href":"https:\/\/api.w.org\/{rel}","templated":true}]}}