{"id":8535,"date":"2021-12-09T11:03:29","date_gmt":"2021-12-09T10:03:29","guid":{"rendered":"https:\/\/filharmonia.digital\/?p=8535"},"modified":"2021-12-09T11:19:30","modified_gmt":"2021-12-09T10:19:30","slug":"reviu-el-concert-de-bruch-i-la-segona-de-brahms-des-del-palau-de-la-musica-catalana","status":"publish","type":"post","link":"https:\/\/filharmonia.digital\/ca\/reviu-el-concert-de-bruch-i-la-segona-de-brahms-des-del-palau-de-la-musica-catalana\/","title":{"rendered":"Reviu el Concert de Bruch i la Segona de Brahms des del Palau de la M\u00fasica Catalana"},"content":{"rendered":"<p>El dijous 23\u00a0de desembre\u00a0la Filharmonia Digital Hall inaugura la temporada d&#8217;streamings de la Franz Schubert Filharmonia amb l&#8217;emissi\u00f3\u00a0<strong><em>del Concert de Bruch i la Segona de Brahms <\/em>des del Palau de la M\u00fasica Catalana<\/strong>.<\/p>\n<p>Un programa <strong>sota la direcci\u00f3 del mestre Pablo Gonz\u00e1lez<\/strong> i amb <strong>l&#8217;espectacular interpretaci\u00f3 d&#8217;Alexandra Soumm<\/strong>, violinista de gran i fascinant so, que oferir\u00e0\u00a0un dels concerts m\u00e9s estimats i bells del repertori.<\/p>\n<p><img loading=\"lazy\" decoding=\"async\" class=\"alignnone size-full wp-image-8536\" src=\"https:\/\/filharmonia.digital\/wp-content\/uploads\/2021\/12\/thumbnail_00-FILHDH-INSTAGRAM-CUADRAT-TEMP2122-1080x1080-STREAMING2-cat.jpg\" alt=\"\" width=\"1280\" height=\"1280\" srcset=\"https:\/\/filharmonia.digital\/wp-content\/uploads\/2021\/12\/thumbnail_00-FILHDH-INSTAGRAM-CUADRAT-TEMP2122-1080x1080-STREAMING2-cat.jpg 1280w, https:\/\/filharmonia.digital\/wp-content\/uploads\/2021\/12\/thumbnail_00-FILHDH-INSTAGRAM-CUADRAT-TEMP2122-1080x1080-STREAMING2-cat-300x300.jpg 300w, https:\/\/filharmonia.digital\/wp-content\/uploads\/2021\/12\/thumbnail_00-FILHDH-INSTAGRAM-CUADRAT-TEMP2122-1080x1080-STREAMING2-cat-1024x1024.jpg 1024w, https:\/\/filharmonia.digital\/wp-content\/uploads\/2021\/12\/thumbnail_00-FILHDH-INSTAGRAM-CUADRAT-TEMP2122-1080x1080-STREAMING2-cat-150x150.jpg 150w, https:\/\/filharmonia.digital\/wp-content\/uploads\/2021\/12\/thumbnail_00-FILHDH-INSTAGRAM-CUADRAT-TEMP2122-1080x1080-STREAMING2-cat-768x768.jpg 768w, https:\/\/filharmonia.digital\/wp-content\/uploads\/2021\/12\/thumbnail_00-FILHDH-INSTAGRAM-CUADRAT-TEMP2122-1080x1080-STREAMING2-cat-576x576.jpg 576w, https:\/\/filharmonia.digital\/wp-content\/uploads\/2021\/12\/thumbnail_00-FILHDH-INSTAGRAM-CUADRAT-TEMP2122-1080x1080-STREAMING2-cat-600x600.jpg 600w, https:\/\/filharmonia.digital\/wp-content\/uploads\/2021\/12\/thumbnail_00-FILHDH-INSTAGRAM-CUADRAT-TEMP2122-1080x1080-STREAMING2-cat-100x100.jpg 100w\" sizes=\"(max-width: 1280px) 100vw, 1280px\" \/><\/p>\n","protected":false},"excerpt":{"rendered":"<p>El dijous 23\u00a0de desembre\u00a0la Filharmonia Digital Hall inaugura la temporada d&#8217;streamings de la Franz Schubert Filharmonia amb l&#8217;emissi\u00f3\u00a0del Concert de Bruch i la Segona de Brahms des del Palau de la M\u00fasica Catalana. Un programa sota la direcci\u00f3 del mestre Pablo Gonz\u00e1lez i amb l&#8217;espectacular interpretaci\u00f3 d&#8217;Alexandra Soumm, violinista de gran i fascinant so, que [&hellip;]<\/p>\n","protected":false},"author":6,"featured_media":0,"comment_status":"closed","ping_status":"closed","sticky":false,"template":"","format":"standard","meta":{"_acf_changed":false,"inline_featured_image":false,"footnotes":""},"categories":[24],"tags":[],"class_list":["post-8535","post","type-post","status-publish","format-standard","hentry","category-sense-categoria"],"acf":[],"yoast_head":"<!-- This site is optimized with the Yoast SEO plugin v25.6 - https:\/\/yoast.com\/wordpress\/plugins\/seo\/ -->\n<title>Reviu el Concert de Bruch i la Segona de Brahms des del Palau de la M\u00fasica Catalana - Filharmonia Digital Hall<\/title>\n<meta name=\"robots\" content=\"noindex, follow\" \/>\n<meta property=\"og:locale\" content=\"ca_ES\" \/>\n<meta property=\"og:type\" content=\"article\" \/>\n<meta property=\"og:title\" content=\"Reviu el Concert de Bruch i la Segona de Brahms des del Palau de la M\u00fasica Catalana - Filharmonia Digital Hall\" \/>\n<meta property=\"og:description\" content=\"El dijous 23\u00a0de desembre\u00a0la Filharmonia Digital Hall inaugura la temporada d&#8217;streamings de la Franz Schubert Filharmonia amb l&#8217;emissi\u00f3\u00a0del Concert de Bruch i la Segona de Brahms des del Palau de la M\u00fasica Catalana. Un programa sota la direcci\u00f3 del mestre Pablo Gonz\u00e1lez i amb l&#8217;espectacular interpretaci\u00f3 d&#8217;Alexandra Soumm, violinista de gran i fascinant so, que [&hellip;]\" \/>\n<meta property=\"og:url\" content=\"https:\/\/filharmonia.digital\/ca\/reviu-el-concert-de-bruch-i-la-segona-de-brahms-des-del-palau-de-la-musica-catalana\/\" \/>\n<meta property=\"og:site_name\" content=\"Filharmonia Digital Hall\" \/>\n<meta property=\"article:publisher\" content=\"https:\/\/www.facebook.com\/fschubertfilh\/\" \/>\n<meta property=\"article:published_time\" content=\"2021-12-09T10:03:29+00:00\" \/>\n<meta property=\"article:modified_time\" content=\"2021-12-09T10:19:30+00:00\" \/>\n<meta property=\"og:image\" content=\"https:\/\/filharmonia.digital\/wp-content\/uploads\/2021\/12\/thumbnail_00-FILHDH-INSTAGRAM-CUADRAT-TEMP2122-1080x1080-STREAMING2-cat.jpg\" \/>\n<meta name=\"author\" content=\"Guillem Mora\" \/>\n<meta name=\"twitter:card\" content=\"summary_large_image\" \/>\n<meta name=\"twitter:creator\" content=\"@fschubertfilh\" \/>\n<meta name=\"twitter:site\" content=\"@fschubertfilh\" \/>\n<meta name=\"twitter:label1\" content=\"Written by\" \/>\n\t<meta name=\"twitter:data1\" content=\"Guillem Mora\" \/>\n<script type=\"application\/ld+json\" class=\"yoast-schema-graph\">{\"@context\":\"https:\/\/schema.org\",\"@graph\":[{\"@type\":\"NewsArticle\",\"@id\":\"https:\/\/filharmonia.digital\/ca\/reviu-el-concert-de-bruch-i-la-segona-de-brahms-des-del-palau-de-la-musica-catalana\/#article\",\"isPartOf\":{\"@id\":\"https:\/\/filharmonia.digital\/ca\/reviu-el-concert-de-bruch-i-la-segona-de-brahms-des-del-palau-de-la-musica-catalana\/\"},\"author\":{\"name\":\"Guillem Mora\",\"@id\":\"https:\/\/filharmonia.digital\/ca\/#\/schema\/person\/d07d22f162cd2c94bca6e75aeb29f3ec\"},\"headline\":\"Reviu el Concert de Bruch i la Segona de Brahms des del Palau de la M\u00fasica Catalana\",\"datePublished\":\"2021-12-09T10:03:29+00:00\",\"dateModified\":\"2021-12-09T10:19:30+00:00\",\"mainEntityOfPage\":{\"@id\":\"https:\/\/filharmonia.digital\/ca\/reviu-el-concert-de-bruch-i-la-segona-de-brahms-des-del-palau-de-la-musica-catalana\/\"},\"wordCount\":88,\"publisher\":{\"@id\":\"https:\/\/filharmonia.digital\/ca\/#organization\"},\"image\":{\"@id\":\"https:\/\/filharmonia.digital\/ca\/reviu-el-concert-de-bruch-i-la-segona-de-brahms-des-del-palau-de-la-musica-catalana\/#primaryimage\"},\"thumbnailUrl\":\"https:\/\/filharmonia.digital\/wp-content\/uploads\/2021\/12\/thumbnail_00-FILHDH-INSTAGRAM-CUADRAT-TEMP2122-1080x1080-STREAMING2-cat.jpg\",\"articleSection\":[\"Sense categoria\"],\"inLanguage\":\"ca\"},{\"@type\":\"WebPage\",\"@id\":\"https:\/\/filharmonia.digital\/ca\/reviu-el-concert-de-bruch-i-la-segona-de-brahms-des-del-palau-de-la-musica-catalana\/\",\"url\":\"https:\/\/filharmonia.digital\/ca\/reviu-el-concert-de-bruch-i-la-segona-de-brahms-des-del-palau-de-la-musica-catalana\/\",\"name\":\"Reviu el Concert de Bruch i la Segona de Brahms des del Palau de la M\u00fasica Catalana - Filharmonia Digital Hall\",\"isPartOf\":{\"@id\":\"https:\/\/filharmonia.digital\/ca\/#website\"},\"primaryImageOfPage\":{\"@id\":\"https:\/\/filharmonia.digital\/ca\/reviu-el-concert-de-bruch-i-la-segona-de-brahms-des-del-palau-de-la-musica-catalana\/#primaryimage\"},\"image\":{\"@id\":\"https:\/\/filharmonia.digital\/ca\/reviu-el-concert-de-bruch-i-la-segona-de-brahms-des-del-palau-de-la-musica-catalana\/#primaryimage\"},\"thumbnailUrl\":\"https:\/\/filharmonia.digital\/wp-content\/uploads\/2021\/12\/thumbnail_00-FILHDH-INSTAGRAM-CUADRAT-TEMP2122-1080x1080-STREAMING2-cat.jpg\",\"datePublished\":\"2021-12-09T10:03:29+00:00\",\"dateModified\":\"2021-12-09T10:19:30+00:00\",\"breadcrumb\":{\"@id\":\"https:\/\/filharmonia.digital\/ca\/reviu-el-concert-de-bruch-i-la-segona-de-brahms-des-del-palau-de-la-musica-catalana\/#breadcrumb\"},\"inLanguage\":\"ca\",\"potentialAction\":[{\"@type\":\"ReadAction\",\"target\":[\"https:\/\/filharmonia.digital\/ca\/reviu-el-concert-de-bruch-i-la-segona-de-brahms-des-del-palau-de-la-musica-catalana\/\"]}]},{\"@type\":\"ImageObject\",\"inLanguage\":\"ca\",\"@id\":\"https:\/\/filharmonia.digital\/ca\/reviu-el-concert-de-bruch-i-la-segona-de-brahms-des-del-palau-de-la-musica-catalana\/#primaryimage\",\"url\":\"https:\/\/filharmonia.digital\/wp-content\/uploads\/2021\/12\/thumbnail_00-FILHDH-INSTAGRAM-CUADRAT-TEMP2122-1080x1080-STREAMING2-cat.jpg\",\"contentUrl\":\"https:\/\/filharmonia.digital\/wp-content\/uploads\/2021\/12\/thumbnail_00-FILHDH-INSTAGRAM-CUADRAT-TEMP2122-1080x1080-STREAMING2-cat.jpg\"},{\"@type\":\"BreadcrumbList\",\"@id\":\"https:\/\/filharmonia.digital\/ca\/reviu-el-concert-de-bruch-i-la-segona-de-brahms-des-del-palau-de-la-musica-catalana\/#breadcrumb\",\"itemListElement\":[{\"@type\":\"ListItem\",\"position\":1,\"name\":\"Home\",\"item\":\"https:\/\/filharmonia.digital\/ca\/\"},{\"@type\":\"ListItem\",\"position\":2,\"name\":\"Reviu el Concert de Bruch i la Segona de Brahms des del Palau de la M\u00fasica Catalana\"}]},{\"@type\":\"WebSite\",\"@id\":\"https:\/\/filharmonia.digital\/ca\/#website\",\"url\":\"https:\/\/filharmonia.digital\/ca\/\",\"name\":\"Filharmonia Digital Hall\",\"description\":\"\",\"publisher\":{\"@id\":\"https:\/\/filharmonia.digital\/ca\/#organization\"},\"potentialAction\":[{\"@type\":\"SearchAction\",\"target\":{\"@type\":\"EntryPoint\",\"urlTemplate\":\"https:\/\/filharmonia.digital\/ca\/?s={search_term_string}\"},\"query-input\":{\"@type\":\"PropertyValueSpecification\",\"valueRequired\":true,\"valueName\":\"search_term_string\"}}],\"inLanguage\":\"ca\"},{\"@type\":\"Organization\",\"@id\":\"https:\/\/filharmonia.digital\/ca\/#organization\",\"name\":\"Filharmonia\/dh\",\"url\":\"https:\/\/filharmonia.digital\/ca\/\",\"logo\":{\"@type\":\"ImageObject\",\"inLanguage\":\"ca\",\"@id\":\"https:\/\/filharmonia.digital\/ca\/#\/schema\/logo\/image\/\",\"url\":\"https:\/\/filharmonia.digital\/wp-content\/uploads\/2021\/09\/filharmonia-logo_desktop.svg\",\"contentUrl\":\"https:\/\/filharmonia.digital\/wp-content\/uploads\/2021\/09\/filharmonia-logo_desktop.svg\",\"width\":100,\"height\":100,\"caption\":\"Filharmonia\/dh\"},\"image\":{\"@id\":\"https:\/\/filharmonia.digital\/ca\/#\/schema\/logo\/image\/\"},\"sameAs\":[\"https:\/\/www.facebook.com\/fschubertfilh\/\",\"https:\/\/x.com\/fschubertfilh\",\"https:\/\/www.instagram.com\/fschubertfilh\/\",\"https:\/\/www.linkedin.com\/company\/42889654\",\"https:\/\/www.youtube.com\/orquestraOCM\"]},{\"@type\":\"Person\",\"@id\":\"https:\/\/filharmonia.digital\/ca\/#\/schema\/person\/d07d22f162cd2c94bca6e75aeb29f3ec\",\"name\":\"Guillem Mora\"}]}<\/script>\n<!-- \/ Yoast SEO plugin. -->","yoast_head_json":{"title":"Reviu el Concert de Bruch i la Segona de Brahms des del Palau de la M\u00fasica Catalana - Filharmonia Digital Hall","robots":{"index":"noindex","follow":"follow"},"og_locale":"ca_ES","og_type":"article","og_title":"Reviu el Concert de Bruch i la Segona de Brahms des del Palau de la M\u00fasica Catalana - Filharmonia Digital Hall","og_description":"El dijous 23\u00a0de desembre\u00a0la Filharmonia Digital Hall inaugura la temporada d&#8217;streamings de la Franz Schubert Filharmonia amb l&#8217;emissi\u00f3\u00a0del Concert de Bruch i la Segona de Brahms des del Palau de la M\u00fasica Catalana. Un programa sota la direcci\u00f3 del mestre Pablo Gonz\u00e1lez i amb l&#8217;espectacular interpretaci\u00f3 d&#8217;Alexandra Soumm, violinista de gran i fascinant so, que [&hellip;]","og_url":"https:\/\/filharmonia.digital\/ca\/reviu-el-concert-de-bruch-i-la-segona-de-brahms-des-del-palau-de-la-musica-catalana\/","og_site_name":"Filharmonia Digital Hall","article_publisher":"https:\/\/www.facebook.com\/fschubertfilh\/","article_published_time":"2021-12-09T10:03:29+00:00","article_modified_time":"2021-12-09T10:19:30+00:00","og_image":[{"url":"https:\/\/filharmonia.digital\/wp-content\/uploads\/2021\/12\/thumbnail_00-FILHDH-INSTAGRAM-CUADRAT-TEMP2122-1080x1080-STREAMING2-cat.jpg","type":"","width":"","height":""}],"author":"Guillem Mora","twitter_card":"summary_large_image","twitter_creator":"@fschubertfilh","twitter_site":"@fschubertfilh","twitter_misc":{"Written by":"Guillem Mora"},"schema":{"@context":"https:\/\/schema.org","@graph":[{"@type":"NewsArticle","@id":"https:\/\/filharmonia.digital\/ca\/reviu-el-concert-de-bruch-i-la-segona-de-brahms-des-del-palau-de-la-musica-catalana\/#article","isPartOf":{"@id":"https:\/\/filharmonia.digital\/ca\/reviu-el-concert-de-bruch-i-la-segona-de-brahms-des-del-palau-de-la-musica-catalana\/"},"author":{"name":"Guillem Mora","@id":"https:\/\/filharmonia.digital\/ca\/#\/schema\/person\/d07d22f162cd2c94bca6e75aeb29f3ec"},"headline":"Reviu el Concert de Bruch i la Segona de Brahms des del Palau de la M\u00fasica Catalana","datePublished":"2021-12-09T10:03:29+00:00","dateModified":"2021-12-09T10:19:30+00:00","mainEntityOfPage":{"@id":"https:\/\/filharmonia.digital\/ca\/reviu-el-concert-de-bruch-i-la-segona-de-brahms-des-del-palau-de-la-musica-catalana\/"},"wordCount":88,"publisher":{"@id":"https:\/\/filharmonia.digital\/ca\/#organization"},"image":{"@id":"https:\/\/filharmonia.digital\/ca\/reviu-el-concert-de-bruch-i-la-segona-de-brahms-des-del-palau-de-la-musica-catalana\/#primaryimage"},"thumbnailUrl":"https:\/\/filharmonia.digital\/wp-content\/uploads\/2021\/12\/thumbnail_00-FILHDH-INSTAGRAM-CUADRAT-TEMP2122-1080x1080-STREAMING2-cat.jpg","articleSection":["Sense categoria"],"inLanguage":"ca"},{"@type":"WebPage","@id":"https:\/\/filharmonia.digital\/ca\/reviu-el-concert-de-bruch-i-la-segona-de-brahms-des-del-palau-de-la-musica-catalana\/","url":"https:\/\/filharmonia.digital\/ca\/reviu-el-concert-de-bruch-i-la-segona-de-brahms-des-del-palau-de-la-musica-catalana\/","name":"Reviu el Concert de Bruch i la Segona de Brahms des del Palau de la M\u00fasica Catalana - Filharmonia Digital Hall","isPartOf":{"@id":"https:\/\/filharmonia.digital\/ca\/#website"},"primaryImageOfPage":{"@id":"https:\/\/filharmonia.digital\/ca\/reviu-el-concert-de-bruch-i-la-segona-de-brahms-des-del-palau-de-la-musica-catalana\/#primaryimage"},"image":{"@id":"https:\/\/filharmonia.digital\/ca\/reviu-el-concert-de-bruch-i-la-segona-de-brahms-des-del-palau-de-la-musica-catalana\/#primaryimage"},"thumbnailUrl":"https:\/\/filharmonia.digital\/wp-content\/uploads\/2021\/12\/thumbnail_00-FILHDH-INSTAGRAM-CUADRAT-TEMP2122-1080x1080-STREAMING2-cat.jpg","datePublished":"2021-12-09T10:03:29+00:00","dateModified":"2021-12-09T10:19:30+00:00","breadcrumb":{"@id":"https:\/\/filharmonia.digital\/ca\/reviu-el-concert-de-bruch-i-la-segona-de-brahms-des-del-palau-de-la-musica-catalana\/#breadcrumb"},"inLanguage":"ca","potentialAction":[{"@type":"ReadAction","target":["https:\/\/filharmonia.digital\/ca\/reviu-el-concert-de-bruch-i-la-segona-de-brahms-des-del-palau-de-la-musica-catalana\/"]}]},{"@type":"ImageObject","inLanguage":"ca","@id":"https:\/\/filharmonia.digital\/ca\/reviu-el-concert-de-bruch-i-la-segona-de-brahms-des-del-palau-de-la-musica-catalana\/#primaryimage","url":"https:\/\/filharmonia.digital\/wp-content\/uploads\/2021\/12\/thumbnail_00-FILHDH-INSTAGRAM-CUADRAT-TEMP2122-1080x1080-STREAMING2-cat.jpg","contentUrl":"https:\/\/filharmonia.digital\/wp-content\/uploads\/2021\/12\/thumbnail_00-FILHDH-INSTAGRAM-CUADRAT-TEMP2122-1080x1080-STREAMING2-cat.jpg"},{"@type":"BreadcrumbList","@id":"https:\/\/filharmonia.digital\/ca\/reviu-el-concert-de-bruch-i-la-segona-de-brahms-des-del-palau-de-la-musica-catalana\/#breadcrumb","itemListElement":[{"@type":"ListItem","position":1,"name":"Home","item":"https:\/\/filharmonia.digital\/ca\/"},{"@type":"ListItem","position":2,"name":"Reviu el Concert de Bruch i la Segona de Brahms des del Palau de la M\u00fasica Catalana"}]},{"@type":"WebSite","@id":"https:\/\/filharmonia.digital\/ca\/#website","url":"https:\/\/filharmonia.digital\/ca\/","name":"Filharmonia Digital Hall","description":"","publisher":{"@id":"https:\/\/filharmonia.digital\/ca\/#organization"},"potentialAction":[{"@type":"SearchAction","target":{"@type":"EntryPoint","urlTemplate":"https:\/\/filharmonia.digital\/ca\/?s={search_term_string}"},"query-input":{"@type":"PropertyValueSpecification","valueRequired":true,"valueName":"search_term_string"}}],"inLanguage":"ca"},{"@type":"Organization","@id":"https:\/\/filharmonia.digital\/ca\/#organization","name":"Filharmonia\/dh","url":"https:\/\/filharmonia.digital\/ca\/","logo":{"@type":"ImageObject","inLanguage":"ca","@id":"https:\/\/filharmonia.digital\/ca\/#\/schema\/logo\/image\/","url":"https:\/\/filharmonia.digital\/wp-content\/uploads\/2021\/09\/filharmonia-logo_desktop.svg","contentUrl":"https:\/\/filharmonia.digital\/wp-content\/uploads\/2021\/09\/filharmonia-logo_desktop.svg","width":100,"height":100,"caption":"Filharmonia\/dh"},"image":{"@id":"https:\/\/filharmonia.digital\/ca\/#\/schema\/logo\/image\/"},"sameAs":["https:\/\/www.facebook.com\/fschubertfilh\/","https:\/\/x.com\/fschubertfilh","https:\/\/www.instagram.com\/fschubertfilh\/","https:\/\/www.linkedin.com\/company\/42889654","https:\/\/www.youtube.com\/orquestraOCM"]},{"@type":"Person","@id":"https:\/\/filharmonia.digital\/ca\/#\/schema\/person\/d07d22f162cd2c94bca6e75aeb29f3ec","name":"Guillem Mora"}]}},"_links":{"self":[{"href":"https:\/\/filharmonia.digital\/ca\/wp-json\/wp\/v2\/posts\/8535"}],"collection":[{"href":"https:\/\/filharmonia.digital\/ca\/wp-json\/wp\/v2\/posts"}],"about":[{"href":"https:\/\/filharmonia.digital\/ca\/wp-json\/wp\/v2\/types\/post"}],"author":[{"embeddable":true,"href":"https:\/\/filharmonia.digital\/ca\/wp-json\/wp\/v2\/users\/6"}],"replies":[{"embeddable":true,"href":"https:\/\/filharmonia.digital\/ca\/wp-json\/wp\/v2\/comments?post=8535"}],"version-history":[{"count":0,"href":"https:\/\/filharmonia.digital\/ca\/wp-json\/wp\/v2\/posts\/8535\/revisions"}],"wp:attachment":[{"href":"https:\/\/filharmonia.digital\/ca\/wp-json\/wp\/v2\/media?parent=8535"}],"wp:term":[{"taxonomy":"category","embeddable":true,"href":"https:\/\/filharmonia.digital\/ca\/wp-json\/wp\/v2\/categories?post=8535"},{"taxonomy":"post_tag","embeddable":true,"href":"https:\/\/filharmonia.digital\/ca\/wp-json\/wp\/v2\/tags?post=8535"}],"curies":[{"name":"wp","href":"https:\/\/api.w.org\/{rel}","templated":true}]}}