{"id":8654,"date":"2022-01-11T12:19:44","date_gmt":"2022-01-11T11:19:44","guid":{"rendered":"https:\/\/filharmonia.digital\/?p=8654"},"modified":"2022-01-12T11:48:03","modified_gmt":"2022-01-12T10:48:03","slug":"la-obra-magna-de-handel-el-mesias-desde-el-palau-de-la-musica-catalana","status":"publish","type":"post","link":"https:\/\/filharmonia.digital\/es\/la-obra-magna-de-handel-el-mesias-desde-el-palau-de-la-musica-catalana\/","title":{"rendered":"La obra magna de H\u00e4ndel: El Mes\u00edas, desde el Palau de la M\u00fasica Catalana"},"content":{"rendered":"<p><img loading=\"lazy\" decoding=\"async\" class=\"alignnone size-full wp-image-8685\" src=\"https:\/\/filharmonia.digital\/wp-content\/uploads\/2022\/01\/00-FILHDH-XARXES-TEMP2122-1024x512-STREAMING3-esp.jpg\" alt=\"\" width=\"1024\" height=\"512\" srcset=\"https:\/\/filharmonia.digital\/wp-content\/uploads\/2022\/01\/00-FILHDH-XARXES-TEMP2122-1024x512-STREAMING3-esp.jpg 1024w, https:\/\/filharmonia.digital\/wp-content\/uploads\/2022\/01\/00-FILHDH-XARXES-TEMP2122-1024x512-STREAMING3-esp-300x150.jpg 300w, https:\/\/filharmonia.digital\/wp-content\/uploads\/2022\/01\/00-FILHDH-XARXES-TEMP2122-1024x512-STREAMING3-esp-768x384.jpg 768w, https:\/\/filharmonia.digital\/wp-content\/uploads\/2022\/01\/00-FILHDH-XARXES-TEMP2122-1024x512-STREAMING3-esp-600x300.jpg 600w\" sizes=\"(max-width: 1024px) 100vw, 1024px\" \/><\/p>\n<p>El pr\u00f3ximo<strong> jueves 20 de enero a las 20h<\/strong>, la Filharmonia Digital Hall estrena en su plataforma el debut de el maestro<strong> Paul Agnew<\/strong>, coordirector del famoso conjunto Les Arts Florissants , junto a la Franz Schubert Filharmonia interpretando <strong>el Mes\u00edas de H\u00e4ndel,<\/strong>\u00a0uno de los grandes\u00a0<em>hits\u00a0<\/em>\u00a0de la m\u00fasica cl\u00e1sica.<\/p>\n<p>Junto al<strong> Coro Francesc Valls<\/strong> de la Catedral de Barcelona, la soprano Maria Pujades, la mezzosoprano Marta Infante, el tenor Albert Casals y el bar\u00edtono El\u00edas Arranz, nos deleitaran con una obra que no pasa nunca de moda, que termin\u00f3 de dar fama a su compositor y que cumple una funci\u00f3n espiritual para acercarnos al <strong>arte<\/strong>.<\/p>\n<p>Esta obra <strong>magna <\/strong>de H\u00e4ndel le llev\u00f3\u00a0a partir de los 50 a\u00f1os a dedicarse casi de forma exclusiva a los oratorios: escribi\u00f3 unos treinta, pero con\u00a0<em>El Mes\u00edas<\/em>\u00a0se super\u00f3.\u00a0Se trata de una<strong> obra inmensa<\/strong>, brillante, espectacular, pero tambi\u00e9n <strong>muy dif\u00edcil de interpretar<\/strong>.<\/p>\n<p>En este espectacular oratorio podemos escuchar uno de los grandes<em> hits <\/em>de la m\u00fasica cl\u00e1sica<em>, <\/em>el <strong><em>Aleluya<\/em><\/strong> de H\u00e4ndel. Pero lo que resulta m\u00e1s dif\u00edcil de entender es que no se hayan convertido tambi\u00e9n en indispensables la mayor parte de los fragmentos de<strong>\u00a0<em>El Mes\u00edas<\/em>.<\/strong><\/p>\n<p><a href=\"https:\/\/filharmonia.digital\/es\/concierto\/mesias-handel\/\">VER AQU\u00cd EL STREAMING DEL CONCIERTO<\/a><\/p>\n<div class=\"embed-container\"><iframe loading=\"lazy\" title=\"H\u00e4ndel&#039;s Messiah: Hallelujah \u00b7 Paul Agnew \u00b7 Franz Schubert Filharmonia \u00b7 Palau de la M\u00fasica\" width=\"500\" height=\"281\" src=\"https:\/\/www.youtube.com\/embed\/aaRTjanZYH4?feature=oembed\" frameborder=\"0\" allow=\"accelerometer; autoplay; clipboard-write; encrypted-media; gyroscope; picture-in-picture; web-share\" referrerpolicy=\"strict-origin-when-cross-origin\" allowfullscreen><\/iframe><\/div>\n","protected":false},"excerpt":{"rendered":"<p>El pr\u00f3ximo jueves 20 de enero a las 20h, la Filharmonia Digital Hall estrena en su plataforma el debut de el maestro Paul Agnew, coordirector del famoso conjunto Les Arts Florissants , junto a la Franz Schubert Filharmonia interpretando el Mes\u00edas de H\u00e4ndel,\u00a0uno de los grandes\u00a0hits\u00a0\u00a0de la m\u00fasica cl\u00e1sica. Junto al Coro Francesc Valls de [&hellip;]<\/p>\n","protected":false},"author":6,"featured_media":0,"comment_status":"closed","ping_status":"closed","sticky":false,"template":"","format":"standard","meta":{"_acf_changed":false,"inline_featured_image":false,"footnotes":""},"categories":[25],"tags":[],"class_list":["post-8654","post","type-post","status-publish","format-standard","hentry","category-sin-categorizar"],"acf":[],"yoast_head":"<!-- This site is optimized with the Yoast SEO plugin v25.6 - https:\/\/yoast.com\/wordpress\/plugins\/seo\/ -->\n<title>La obra magna de H\u00e4ndel: El Mes\u00edas, desde el Palau de la M\u00fasica Catalana - Filharmonia Digital Hall<\/title>\n<meta name=\"robots\" content=\"noindex, follow\" \/>\n<meta property=\"og:locale\" content=\"es_ES\" \/>\n<meta property=\"og:type\" content=\"article\" \/>\n<meta property=\"og:title\" content=\"La obra magna de H\u00e4ndel: El Mes\u00edas, desde el Palau de la M\u00fasica Catalana - Filharmonia Digital Hall\" \/>\n<meta property=\"og:description\" content=\"El pr\u00f3ximo jueves 20 de enero a las 20h, la Filharmonia Digital Hall estrena en su plataforma el debut de el maestro Paul Agnew, coordirector del famoso conjunto Les Arts Florissants , junto a la Franz Schubert Filharmonia interpretando el Mes\u00edas de H\u00e4ndel,\u00a0uno de los grandes\u00a0hits\u00a0\u00a0de la m\u00fasica cl\u00e1sica. Junto al Coro Francesc Valls de [&hellip;]\" \/>\n<meta property=\"og:url\" content=\"https:\/\/filharmonia.digital\/es\/la-obra-magna-de-handel-el-mesias-desde-el-palau-de-la-musica-catalana\/\" \/>\n<meta property=\"og:site_name\" content=\"Filharmonia Digital Hall\" \/>\n<meta property=\"article:publisher\" content=\"https:\/\/www.facebook.com\/fschubertfilh\/\" \/>\n<meta property=\"article:published_time\" content=\"2022-01-11T11:19:44+00:00\" \/>\n<meta property=\"article:modified_time\" content=\"2022-01-12T10:48:03+00:00\" \/>\n<meta property=\"og:image\" content=\"https:\/\/filharmonia.digital\/wp-content\/uploads\/2022\/01\/00-FILHDH-XARXES-TEMP2122-1024x512-STREAMING3-esp.jpg\" \/>\n<meta name=\"author\" content=\"Guillem Mora\" \/>\n<meta name=\"twitter:card\" content=\"summary_large_image\" \/>\n<meta name=\"twitter:creator\" content=\"@fschubertfilh\" \/>\n<meta name=\"twitter:site\" content=\"@fschubertfilh\" \/>\n<meta name=\"twitter:label1\" content=\"Escrito por\" \/>\n\t<meta name=\"twitter:data1\" content=\"Guillem Mora\" \/>\n\t<meta name=\"twitter:label2\" content=\"Tiempo de lectura\" \/>\n\t<meta name=\"twitter:data2\" content=\"2 minutos\" \/>\n<script type=\"application\/ld+json\" class=\"yoast-schema-graph\">{\"@context\":\"https:\/\/schema.org\",\"@graph\":[{\"@type\":\"NewsArticle\",\"@id\":\"https:\/\/filharmonia.digital\/es\/la-obra-magna-de-handel-el-mesias-desde-el-palau-de-la-musica-catalana\/#article\",\"isPartOf\":{\"@id\":\"https:\/\/filharmonia.digital\/es\/la-obra-magna-de-handel-el-mesias-desde-el-palau-de-la-musica-catalana\/\"},\"author\":{\"name\":\"Guillem Mora\",\"@id\":\"https:\/\/filharmonia.digital\/es\/#\/schema\/person\/d07d22f162cd2c94bca6e75aeb29f3ec\"},\"headline\":\"La obra magna de H\u00e4ndel: El Mes\u00edas, desde el Palau de la M\u00fasica Catalana\",\"datePublished\":\"2022-01-11T11:19:44+00:00\",\"dateModified\":\"2022-01-12T10:48:03+00:00\",\"mainEntityOfPage\":{\"@id\":\"https:\/\/filharmonia.digital\/es\/la-obra-magna-de-handel-el-mesias-desde-el-palau-de-la-musica-catalana\/\"},\"wordCount\":245,\"publisher\":{\"@id\":\"https:\/\/filharmonia.digital\/es\/#organization\"},\"image\":{\"@id\":\"https:\/\/filharmonia.digital\/es\/la-obra-magna-de-handel-el-mesias-desde-el-palau-de-la-musica-catalana\/#primaryimage\"},\"thumbnailUrl\":\"https:\/\/filharmonia.digital\/wp-content\/uploads\/2022\/01\/00-FILHDH-XARXES-TEMP2122-1024x512-STREAMING3-esp.jpg\",\"articleSection\":[\"Sin categorizar\"],\"inLanguage\":\"es\"},{\"@type\":\"WebPage\",\"@id\":\"https:\/\/filharmonia.digital\/es\/la-obra-magna-de-handel-el-mesias-desde-el-palau-de-la-musica-catalana\/\",\"url\":\"https:\/\/filharmonia.digital\/es\/la-obra-magna-de-handel-el-mesias-desde-el-palau-de-la-musica-catalana\/\",\"name\":\"La obra magna de H\u00e4ndel: El Mes\u00edas, desde el Palau de la M\u00fasica Catalana - Filharmonia Digital Hall\",\"isPartOf\":{\"@id\":\"https:\/\/filharmonia.digital\/es\/#website\"},\"primaryImageOfPage\":{\"@id\":\"https:\/\/filharmonia.digital\/es\/la-obra-magna-de-handel-el-mesias-desde-el-palau-de-la-musica-catalana\/#primaryimage\"},\"image\":{\"@id\":\"https:\/\/filharmonia.digital\/es\/la-obra-magna-de-handel-el-mesias-desde-el-palau-de-la-musica-catalana\/#primaryimage\"},\"thumbnailUrl\":\"https:\/\/filharmonia.digital\/wp-content\/uploads\/2022\/01\/00-FILHDH-XARXES-TEMP2122-1024x512-STREAMING3-esp.jpg\",\"datePublished\":\"2022-01-11T11:19:44+00:00\",\"dateModified\":\"2022-01-12T10:48:03+00:00\",\"breadcrumb\":{\"@id\":\"https:\/\/filharmonia.digital\/es\/la-obra-magna-de-handel-el-mesias-desde-el-palau-de-la-musica-catalana\/#breadcrumb\"},\"inLanguage\":\"es\",\"potentialAction\":[{\"@type\":\"ReadAction\",\"target\":[\"https:\/\/filharmonia.digital\/es\/la-obra-magna-de-handel-el-mesias-desde-el-palau-de-la-musica-catalana\/\"]}]},{\"@type\":\"ImageObject\",\"inLanguage\":\"es\",\"@id\":\"https:\/\/filharmonia.digital\/es\/la-obra-magna-de-handel-el-mesias-desde-el-palau-de-la-musica-catalana\/#primaryimage\",\"url\":\"https:\/\/filharmonia.digital\/wp-content\/uploads\/2022\/01\/00-FILHDH-XARXES-TEMP2122-1024x512-STREAMING3-esp.jpg\",\"contentUrl\":\"https:\/\/filharmonia.digital\/wp-content\/uploads\/2022\/01\/00-FILHDH-XARXES-TEMP2122-1024x512-STREAMING3-esp.jpg\"},{\"@type\":\"BreadcrumbList\",\"@id\":\"https:\/\/filharmonia.digital\/es\/la-obra-magna-de-handel-el-mesias-desde-el-palau-de-la-musica-catalana\/#breadcrumb\",\"itemListElement\":[{\"@type\":\"ListItem\",\"position\":1,\"name\":\"Home\",\"item\":\"https:\/\/filharmonia.digital\/es\/\"},{\"@type\":\"ListItem\",\"position\":2,\"name\":\"La obra magna de H\u00e4ndel: El Mes\u00edas, desde el Palau de la M\u00fasica Catalana\"}]},{\"@type\":\"WebSite\",\"@id\":\"https:\/\/filharmonia.digital\/es\/#website\",\"url\":\"https:\/\/filharmonia.digital\/es\/\",\"name\":\"Filharmonia Digital Hall\",\"description\":\"\",\"publisher\":{\"@id\":\"https:\/\/filharmonia.digital\/es\/#organization\"},\"potentialAction\":[{\"@type\":\"SearchAction\",\"target\":{\"@type\":\"EntryPoint\",\"urlTemplate\":\"https:\/\/filharmonia.digital\/es\/?s={search_term_string}\"},\"query-input\":{\"@type\":\"PropertyValueSpecification\",\"valueRequired\":true,\"valueName\":\"search_term_string\"}}],\"inLanguage\":\"es\"},{\"@type\":\"Organization\",\"@id\":\"https:\/\/filharmonia.digital\/es\/#organization\",\"name\":\"Filharmonia\/dh\",\"url\":\"https:\/\/filharmonia.digital\/es\/\",\"logo\":{\"@type\":\"ImageObject\",\"inLanguage\":\"es\",\"@id\":\"https:\/\/filharmonia.digital\/es\/#\/schema\/logo\/image\/\",\"url\":\"https:\/\/filharmonia.digital\/wp-content\/uploads\/2021\/09\/filharmonia-logo_desktop.svg\",\"contentUrl\":\"https:\/\/filharmonia.digital\/wp-content\/uploads\/2021\/09\/filharmonia-logo_desktop.svg\",\"width\":100,\"height\":100,\"caption\":\"Filharmonia\/dh\"},\"image\":{\"@id\":\"https:\/\/filharmonia.digital\/es\/#\/schema\/logo\/image\/\"},\"sameAs\":[\"https:\/\/www.facebook.com\/fschubertfilh\/\",\"https:\/\/x.com\/fschubertfilh\",\"https:\/\/www.instagram.com\/fschubertfilh\/\",\"https:\/\/www.linkedin.com\/company\/42889654\",\"https:\/\/www.youtube.com\/orquestraOCM\"]},{\"@type\":\"Person\",\"@id\":\"https:\/\/filharmonia.digital\/es\/#\/schema\/person\/d07d22f162cd2c94bca6e75aeb29f3ec\",\"name\":\"Guillem Mora\"}]}<\/script>\n<!-- \/ Yoast SEO plugin. -->","yoast_head_json":{"title":"La obra magna de H\u00e4ndel: El Mes\u00edas, desde el Palau de la M\u00fasica Catalana - Filharmonia Digital Hall","robots":{"index":"noindex","follow":"follow"},"og_locale":"es_ES","og_type":"article","og_title":"La obra magna de H\u00e4ndel: El Mes\u00edas, desde el Palau de la M\u00fasica Catalana - Filharmonia Digital Hall","og_description":"El pr\u00f3ximo jueves 20 de enero a las 20h, la Filharmonia Digital Hall estrena en su plataforma el debut de el maestro Paul Agnew, coordirector del famoso conjunto Les Arts Florissants , junto a la Franz Schubert Filharmonia interpretando el Mes\u00edas de H\u00e4ndel,\u00a0uno de los grandes\u00a0hits\u00a0\u00a0de la m\u00fasica cl\u00e1sica. Junto al Coro Francesc Valls de [&hellip;]","og_url":"https:\/\/filharmonia.digital\/es\/la-obra-magna-de-handel-el-mesias-desde-el-palau-de-la-musica-catalana\/","og_site_name":"Filharmonia Digital Hall","article_publisher":"https:\/\/www.facebook.com\/fschubertfilh\/","article_published_time":"2022-01-11T11:19:44+00:00","article_modified_time":"2022-01-12T10:48:03+00:00","og_image":[{"url":"https:\/\/filharmonia.digital\/wp-content\/uploads\/2022\/01\/00-FILHDH-XARXES-TEMP2122-1024x512-STREAMING3-esp.jpg","type":"","width":"","height":""}],"author":"Guillem Mora","twitter_card":"summary_large_image","twitter_creator":"@fschubertfilh","twitter_site":"@fschubertfilh","twitter_misc":{"Escrito por":"Guillem Mora","Tiempo de lectura":"2 minutos"},"schema":{"@context":"https:\/\/schema.org","@graph":[{"@type":"NewsArticle","@id":"https:\/\/filharmonia.digital\/es\/la-obra-magna-de-handel-el-mesias-desde-el-palau-de-la-musica-catalana\/#article","isPartOf":{"@id":"https:\/\/filharmonia.digital\/es\/la-obra-magna-de-handel-el-mesias-desde-el-palau-de-la-musica-catalana\/"},"author":{"name":"Guillem Mora","@id":"https:\/\/filharmonia.digital\/es\/#\/schema\/person\/d07d22f162cd2c94bca6e75aeb29f3ec"},"headline":"La obra magna de H\u00e4ndel: El Mes\u00edas, desde el Palau de la M\u00fasica Catalana","datePublished":"2022-01-11T11:19:44+00:00","dateModified":"2022-01-12T10:48:03+00:00","mainEntityOfPage":{"@id":"https:\/\/filharmonia.digital\/es\/la-obra-magna-de-handel-el-mesias-desde-el-palau-de-la-musica-catalana\/"},"wordCount":245,"publisher":{"@id":"https:\/\/filharmonia.digital\/es\/#organization"},"image":{"@id":"https:\/\/filharmonia.digital\/es\/la-obra-magna-de-handel-el-mesias-desde-el-palau-de-la-musica-catalana\/#primaryimage"},"thumbnailUrl":"https:\/\/filharmonia.digital\/wp-content\/uploads\/2022\/01\/00-FILHDH-XARXES-TEMP2122-1024x512-STREAMING3-esp.jpg","articleSection":["Sin categorizar"],"inLanguage":"es"},{"@type":"WebPage","@id":"https:\/\/filharmonia.digital\/es\/la-obra-magna-de-handel-el-mesias-desde-el-palau-de-la-musica-catalana\/","url":"https:\/\/filharmonia.digital\/es\/la-obra-magna-de-handel-el-mesias-desde-el-palau-de-la-musica-catalana\/","name":"La obra magna de H\u00e4ndel: El Mes\u00edas, desde el Palau de la M\u00fasica Catalana - Filharmonia Digital Hall","isPartOf":{"@id":"https:\/\/filharmonia.digital\/es\/#website"},"primaryImageOfPage":{"@id":"https:\/\/filharmonia.digital\/es\/la-obra-magna-de-handel-el-mesias-desde-el-palau-de-la-musica-catalana\/#primaryimage"},"image":{"@id":"https:\/\/filharmonia.digital\/es\/la-obra-magna-de-handel-el-mesias-desde-el-palau-de-la-musica-catalana\/#primaryimage"},"thumbnailUrl":"https:\/\/filharmonia.digital\/wp-content\/uploads\/2022\/01\/00-FILHDH-XARXES-TEMP2122-1024x512-STREAMING3-esp.jpg","datePublished":"2022-01-11T11:19:44+00:00","dateModified":"2022-01-12T10:48:03+00:00","breadcrumb":{"@id":"https:\/\/filharmonia.digital\/es\/la-obra-magna-de-handel-el-mesias-desde-el-palau-de-la-musica-catalana\/#breadcrumb"},"inLanguage":"es","potentialAction":[{"@type":"ReadAction","target":["https:\/\/filharmonia.digital\/es\/la-obra-magna-de-handel-el-mesias-desde-el-palau-de-la-musica-catalana\/"]}]},{"@type":"ImageObject","inLanguage":"es","@id":"https:\/\/filharmonia.digital\/es\/la-obra-magna-de-handel-el-mesias-desde-el-palau-de-la-musica-catalana\/#primaryimage","url":"https:\/\/filharmonia.digital\/wp-content\/uploads\/2022\/01\/00-FILHDH-XARXES-TEMP2122-1024x512-STREAMING3-esp.jpg","contentUrl":"https:\/\/filharmonia.digital\/wp-content\/uploads\/2022\/01\/00-FILHDH-XARXES-TEMP2122-1024x512-STREAMING3-esp.jpg"},{"@type":"BreadcrumbList","@id":"https:\/\/filharmonia.digital\/es\/la-obra-magna-de-handel-el-mesias-desde-el-palau-de-la-musica-catalana\/#breadcrumb","itemListElement":[{"@type":"ListItem","position":1,"name":"Home","item":"https:\/\/filharmonia.digital\/es\/"},{"@type":"ListItem","position":2,"name":"La obra magna de H\u00e4ndel: El Mes\u00edas, desde el Palau de la M\u00fasica Catalana"}]},{"@type":"WebSite","@id":"https:\/\/filharmonia.digital\/es\/#website","url":"https:\/\/filharmonia.digital\/es\/","name":"Filharmonia Digital Hall","description":"","publisher":{"@id":"https:\/\/filharmonia.digital\/es\/#organization"},"potentialAction":[{"@type":"SearchAction","target":{"@type":"EntryPoint","urlTemplate":"https:\/\/filharmonia.digital\/es\/?s={search_term_string}"},"query-input":{"@type":"PropertyValueSpecification","valueRequired":true,"valueName":"search_term_string"}}],"inLanguage":"es"},{"@type":"Organization","@id":"https:\/\/filharmonia.digital\/es\/#organization","name":"Filharmonia\/dh","url":"https:\/\/filharmonia.digital\/es\/","logo":{"@type":"ImageObject","inLanguage":"es","@id":"https:\/\/filharmonia.digital\/es\/#\/schema\/logo\/image\/","url":"https:\/\/filharmonia.digital\/wp-content\/uploads\/2021\/09\/filharmonia-logo_desktop.svg","contentUrl":"https:\/\/filharmonia.digital\/wp-content\/uploads\/2021\/09\/filharmonia-logo_desktop.svg","width":100,"height":100,"caption":"Filharmonia\/dh"},"image":{"@id":"https:\/\/filharmonia.digital\/es\/#\/schema\/logo\/image\/"},"sameAs":["https:\/\/www.facebook.com\/fschubertfilh\/","https:\/\/x.com\/fschubertfilh","https:\/\/www.instagram.com\/fschubertfilh\/","https:\/\/www.linkedin.com\/company\/42889654","https:\/\/www.youtube.com\/orquestraOCM"]},{"@type":"Person","@id":"https:\/\/filharmonia.digital\/es\/#\/schema\/person\/d07d22f162cd2c94bca6e75aeb29f3ec","name":"Guillem Mora"}]}},"_links":{"self":[{"href":"https:\/\/filharmonia.digital\/es\/wp-json\/wp\/v2\/posts\/8654"}],"collection":[{"href":"https:\/\/filharmonia.digital\/es\/wp-json\/wp\/v2\/posts"}],"about":[{"href":"https:\/\/filharmonia.digital\/es\/wp-json\/wp\/v2\/types\/post"}],"author":[{"embeddable":true,"href":"https:\/\/filharmonia.digital\/es\/wp-json\/wp\/v2\/users\/6"}],"replies":[{"embeddable":true,"href":"https:\/\/filharmonia.digital\/es\/wp-json\/wp\/v2\/comments?post=8654"}],"version-history":[{"count":0,"href":"https:\/\/filharmonia.digital\/es\/wp-json\/wp\/v2\/posts\/8654\/revisions"}],"wp:attachment":[{"href":"https:\/\/filharmonia.digital\/es\/wp-json\/wp\/v2\/media?parent=8654"}],"wp:term":[{"taxonomy":"category","embeddable":true,"href":"https:\/\/filharmonia.digital\/es\/wp-json\/wp\/v2\/categories?post=8654"},{"taxonomy":"post_tag","embeddable":true,"href":"https:\/\/filharmonia.digital\/es\/wp-json\/wp\/v2\/tags?post=8654"}],"curies":[{"name":"wp","href":"https:\/\/api.w.org\/{rel}","templated":true}]}}